{"id":711,"date":"2012-03-29T20:19:45","date_gmt":"2012-03-29T23:19:45","guid":{"rendered":"http:\/\/www.encontramarilia.com.br\/noticias\/?p=711"},"modified":"2013-08-13T18:27:12","modified_gmt":"2013-08-13T21:27:12","slug":"sebrae-realiza-20-atendimentos-no-primeiro-dia-na-zona-sul-de-marilia","status":"publish","type":"post","link":"https:\/\/www.encontramarilia.com.br\/noticias\/sebrae-realiza-20-atendimentos-no-primeiro-dia-na-zona-sul-de-marilia\/","title":{"rendered":"Sebrae realiza 20 atendimentos no primeiro dia na zona sul de Mar\u00edlia"},"content":{"rendered":"<p>A unidade m\u00f3vel do Sebrae estacionada na zona sul nas depend\u00eancias do Sesi atendeu ontem (28), primeiro dia, 20 empres\u00e1rios que buscavam informa\u00e7\u00f5es. A unidade m\u00f3vel permanece no local at\u00e9 amanh\u00e3, das 9h \u00e0s 16h.<\/p>\n<p>A Semana do Empreendedor teve in\u00edcio na \u00faltima ter\u00e7a-feira (27) com a palestra \u201cComo Atrair, Conquistar e Manter Clientes \u2013 O Passo a Passo na Fideliza\u00e7\u00e3o de Clientes\u201d. O ciclo de palestras segue hoje com o assunto \u201cLidando com a Inadimpl\u00eancia\u201d e amanh\u00e3 especialista discutir\u00e1 sobre como, \u201cMotivar Sua Empresa \u2013 Trabalhar com um Time de Sucesso\u201d.<\/p>\n<p>Segundo o analista, Jos\u00e9 Luiz Valenciano o objetivo da unidade m\u00f3vel \u00e9 prestar atendimento tanto aos empres\u00e1rios que est\u00e3o com inten\u00e7\u00e3o de abrir o pr\u00f3prio neg\u00f3cio, como aqueles que pretendem melhorar seu empreendimento.<\/p>\n<p>A a\u00e7\u00e3o conta com participa\u00e7\u00e3o tamb\u00e9m do <a href=\"http:\/\/www.encontramarilia.com.br\/marilia\/banco-do-povo-de-marilia.shtml\" target=\"_blank\">Banco do Povo<\/a>, Cadastro Municipal, INSS, Sert (Secretaria de Emprego e Rela\u00e7\u00f5es do Trabalho), que est\u00e3o realizando cadastro de trabalhadores e emiss\u00e3o de carteiras, entre outros parceiros.<\/p>\n<p>As desempregadas Idila Soares, 35, e Selma de Oliveira, 25, aproveitaram os servi\u00e7os e buscaram orienta\u00e7\u00f5es na Sert em rela\u00e7\u00e3o as vagas no mercado de trabalho. \u201cComo estou procurando emprego aproveitei e foi muito \u00fatil. Acho esse atendimento muito importante para o p\u00fablico da regi\u00e3o sul\u201d, disse Idila.<\/p>\n<p><em>Fonte: Di\u00e1rio de Mar\u00edlia<\/em><\/p>\n","protected":false},"excerpt":{"rendered":"<p>A unidade m\u00f3vel do Sebrae estacionada na zona sul nas depend\u00eancias do Sesi atendeu ontem (28), primeiro dia, 20 empres\u00e1rios que buscavam informa\u00e7\u00f5es. A unidade m\u00f3vel permanece no local at\u00e9 amanh\u00e3, das 9h \u00e0s 16h. A Semana do Empreendedor teve in\u00edcio na \u00faltima ter\u00e7a-feira (27) com a palestra \u201cComo Atrair, Conquistar e Manter Clientes \u2013 [&hellip;]<\/p>\n","protected":false},"author":1,"featured_media":0,"comment_status":"open","ping_status":"open","sticky":false,"template":"","format":"standard","meta":{"footnotes":""},"categories":[8],"tags":[],"_links":{"self":[{"href":"https:\/\/www.encontramarilia.com.br\/noticias\/wp-json\/wp\/v2\/posts\/711"}],"collection":[{"href":"https:\/\/www.encontramarilia.com.br\/noticias\/wp-json\/wp\/v2\/posts"}],"about":[{"href":"https:\/\/www.encontramarilia.com.br\/noticias\/wp-json\/wp\/v2\/types\/post"}],"author":[{"embeddable":true,"href":"https:\/\/www.encontramarilia.com.br\/noticias\/wp-json\/wp\/v2\/users\/1"}],"replies":[{"embeddable":true,"href":"https:\/\/www.encontramarilia.com.br\/noticias\/wp-json\/wp\/v2\/comments?post=711"}],"version-history":[{"count":0,"href":"https:\/\/www.encontramarilia.com.br\/noticias\/wp-json\/wp\/v2\/posts\/711\/revisions"}],"wp:attachment":[{"href":"https:\/\/www.encontramarilia.com.br\/noticias\/wp-json\/wp\/v2\/media?parent=711"}],"wp:term":[{"taxonomy":"category","embeddable":true,"href":"https:\/\/www.encontramarilia.com.br\/noticias\/wp-json\/wp\/v2\/categories?post=711"},{"taxonomy":"post_tag","embeddable":true,"href":"https:\/\/www.encontramarilia.com.br\/noticias\/wp-json\/wp\/v2\/tags?post=711"}],"curies":[{"name":"wp","href":"https:\/\/api.w.org\/{rel}","templated":true}]}}