{"id":521,"date":"2011-10-25T16:45:29","date_gmt":"2011-10-25T19:45:29","guid":{"rendered":"http:\/\/www.encontramarilia.com.br\/noticias\/?p=521"},"modified":"2013-08-13T18:27:10","modified_gmt":"2013-08-13T21:27:10","slug":"marilia-realiza-orientacao-sobre-hanseniase","status":"publish","type":"post","link":"https:\/\/www.encontramarilia.com.br\/noticias\/marilia-realiza-orientacao-sobre-hanseniase\/","title":{"rendered":"Mar\u00edlia realiza orienta\u00e7\u00e3o sobre hansen\u00edase"},"content":{"rendered":"<p>A cidade de Mar\u00edlia participa da Campanha Anual de Combate a Hansen\u00edase, que est\u00e1 sendo realizada desde segunda-feira (17) e prossegue at\u00e9 o dia 31. O tema da Campanha deste ano continua sendo Hansen\u00edase Tem Cura.<\/p>\n<p>De acordo com a coordenadora de Vigil\u00e2ncia Epidemiol\u00f3gica da SMS (Secretaria Municipal da Sa\u00fade), Rachel Santana Ramirez, em Mar\u00edlia a Campanha est\u00e1 focada na orienta\u00e7\u00e3o e informa\u00e7\u00e3o \u00e0 popula\u00e7\u00e3o nas 44 unidades de Sa\u00fade da Rede P\u00fablica \u2013 32 USFs (Unidades de Sa\u00fade da Fam\u00edlia) e 12 UBSs (Unidades B\u00e1sicas de Sa\u00fade).<\/p>\n<p>\u201cA informa\u00e7\u00e3o \u00e9 fundamental para a cura. Portanto durante esta Campanha as atividades s\u00e3o direcionadas para a divulga\u00e7\u00e3o de informa\u00e7\u00f5es sobre a doen\u00e7a, diagn\u00f3stico, tratamento e esclarecimento de d\u00favidas, com a disponibiliza\u00e7\u00e3o de materiais educativos e orienta\u00e7\u00f5es para a comunidade por meio das equipes de sa\u00fade\u201d, reitera a coordenadora.<\/p>\n<p>Cada unidade tem autonomia para realizar atividades na sua \u00e1rea de atua\u00e7\u00e3o para atrair a aten\u00e7\u00e3o dos usu\u00e1rios. A UBS Alto Cafezal, com o apoio dos estagi\u00e1rios da Unimar (Universidade de Mar\u00edlia) realizar\u00e1 orienta\u00e7\u00e3o na Mans\u00e3o Ismael na quarta-feira (26) e na feira livre da rua Lima e Costa na quinta-feira (27).<\/p>\n<p>Al\u00e9m da orienta\u00e7\u00e3o nas unidades de Sa\u00fade, a SMS, em parceria com a Escola Diretriz e o Nasf (N\u00facleo de Apoio \u00e0 Sa\u00fade da Fam\u00edlia), est\u00e1 realizando abordagens dirigidas na feira noturna P\u00f4r do Sol, nas duas quintas-feiras (20 e 27). A feira noturna funciona na avenida das Ind\u00fastrias, entre as ruas Rui Barbosa e Bernardino de Campos, das 18 \u00e0s 22 horas.<\/p>\n<p>A Campanha conta ainda com o apoio do SAE (Servi\u00e7o de Atendimento Especializado), CEO (Centro de Especialidades Odontol\u00f3gicas) e da SMJ (Secretaria Municipal da Juventude). Caps (Centro de Aten\u00e7\u00e3o Psicossocial), e Cl\u00ednica de Fisioterapia.<\/p>\n<p>\u201c\u00c9 importante lembrar que a hansen\u00edase \u00e9 uma doen\u00e7a cur\u00e1vel, cujo tratamento \u00e9 gratuito, oferecido pelo SUS (Sistema \u00danico de Sa\u00fade), destaca Rachel. O tratamento pode durar de seis meses a um ano, dependendo da forma cl\u00ednica da doen\u00e7a.<\/p>\n<p>A refer\u00eancia para o tratamento de hansen\u00edase na Rede Municipal \u00e9 a UBS Nova Mar\u00edlia. \u201cPor\u00e9m, todas as unidades est\u00e3o aptas a acolher o paciente e realizar o diagn\u00f3stico\u201d, informa a coordenadora.<\/p>\n<p>A DOEN\u00c7A<br \/>\nA hansen\u00edase \u00e9 uma doen\u00e7a infecciosa causada pelo Mycobacterium Leprae, popularmente conhecido como Bacilo de Hansen. Antigamente era conhecida como lepra. Esta doen\u00e7a atinge a pele e os nervos perif\u00e9ricos preferencialmente. Ela pode ocorrer em qualquer idade, ra\u00e7a, ou g\u00eanero. Apesar de sua baixa letalidade e mortalidade, se n\u00e3o diagnosticada oportunamente e tratada adequadamente pode deixar sequelas permanentes, como deforma\u00e7\u00f5es e incapacidades.<\/p>\n<p>A doen\u00e7a \u00e9 de transmiss\u00e3o direta, pessoa a pessoa, atrav\u00e9s das vias a\u00e9reas superiores, quando uma pessoa doente e sem tratamento elimina got\u00edculas no ar por meio da fala, espirro ou tosse. Por\u00e9m a maioria das pessoas \u00e9 resistente ao bacilo, sendo necess\u00e1ria a exposi\u00e7\u00e3o prolongada e \u00edntima para que haja a transmiss\u00e3o, como \u00e9 o caso de pessoas que co-habitam com uma pessoa doente e sem tratamento por muito tempo<\/p>\n<p>Os sintomas mais comuns s\u00e3o presen\u00e7a de manchas esbranqui\u00e7adas, acastanhadas ou avermelhadas na pele, lisas ou elevadas em qualquer parte do corpo que n\u00e3o co\u00e7am nem doem e\/ou \u00e1reas da pele com perda de sensibilidade (ao frio, calor e dor) e sensa\u00e7\u00e3o de formigamento que evoluem para dorm\u00eancia. O in\u00edcio dos sintomas pode ocorrer em at\u00e9 cinco anos ap\u00f3s o cont\u00e1gio.<\/p>\n<p><em>Fonte: Prefeitura de Mar\u00edlia<\/em><\/p>\n","protected":false},"excerpt":{"rendered":"<p>A cidade de Mar\u00edlia participa da Campanha Anual de Combate a Hansen\u00edase, que est\u00e1 sendo realizada desde segunda-feira (17) e prossegue at\u00e9 o dia 31. O tema da Campanha deste ano continua sendo Hansen\u00edase Tem Cura. De acordo com a coordenadora de Vigil\u00e2ncia Epidemiol\u00f3gica da SMS (Secretaria Municipal da Sa\u00fade), Rachel Santana Ramirez, em Mar\u00edlia [&hellip;]<\/p>\n","protected":false},"author":1,"featured_media":0,"comment_status":"open","ping_status":"open","sticky":false,"template":"","format":"standard","meta":{"footnotes":""},"categories":[8],"tags":[14],"_links":{"self":[{"href":"https:\/\/www.encontramarilia.com.br\/noticias\/wp-json\/wp\/v2\/posts\/521"}],"collection":[{"href":"https:\/\/www.encontramarilia.com.br\/noticias\/wp-json\/wp\/v2\/posts"}],"about":[{"href":"https:\/\/www.encontramarilia.com.br\/noticias\/wp-json\/wp\/v2\/types\/post"}],"author":[{"embeddable":true,"href":"https:\/\/www.encontramarilia.com.br\/noticias\/wp-json\/wp\/v2\/users\/1"}],"replies":[{"embeddable":true,"href":"https:\/\/www.encontramarilia.com.br\/noticias\/wp-json\/wp\/v2\/comments?post=521"}],"version-history":[{"count":0,"href":"https:\/\/www.encontramarilia.com.br\/noticias\/wp-json\/wp\/v2\/posts\/521\/revisions"}],"wp:attachment":[{"href":"https:\/\/www.encontramarilia.com.br\/noticias\/wp-json\/wp\/v2\/media?parent=521"}],"wp:term":[{"taxonomy":"category","embeddable":true,"href":"https:\/\/www.encontramarilia.com.br\/noticias\/wp-json\/wp\/v2\/categories?post=521"},{"taxonomy":"post_tag","embeddable":true,"href":"https:\/\/www.encontramarilia.com.br\/noticias\/wp-json\/wp\/v2\/tags?post=521"}],"curies":[{"name":"wp","href":"https:\/\/api.w.org\/{rel}","templated":true}]}}