{"id":491,"date":"2011-10-04T16:34:28","date_gmt":"2011-10-04T19:34:28","guid":{"rendered":"http:\/\/www.encontramarilia.com.br\/noticias\/?p=491"},"modified":"2013-08-13T18:27:09","modified_gmt":"2013-08-13T21:27:09","slug":"unidade-movel-do-sebrae-da-consultoria-em-marilia","status":"publish","type":"post","link":"https:\/\/www.encontramarilia.com.br\/noticias\/unidade-movel-do-sebrae-da-consultoria-em-marilia\/","title":{"rendered":"Unidade m\u00f3vel do Sebrae d\u00e1 consultoria em Mar\u00edlia"},"content":{"rendered":"<p>A unidade do Sebrae M\u00f3vel est\u00e1 de volta \u00e0 cidade Mar\u00edlia esta semana para marcar o M\u00eas do Empreendedor. O p\u00fablico da zona sul pode obter atendimento e consultoria at\u00e9 a pr\u00f3xima quarta-feira (5), das 10 \u00e0s 16h, no estacionamento do supermercado Kawakami Sul.<\/p>\n<p>Segundo o gerente regional do Sebrae de Mar\u00edlia, F\u00e1bio Gerlack, a demanda tem sido grande e ontem s\u00f3 em uma hora de atendimento o posto havia atendido cerca de 20 pessoas.<\/p>\n<p>Gerlack destaca os atendimentos sobre orienta\u00e7\u00e3o para planejamento e organiza\u00e7\u00e3o financeira e d\u00favidas de v\u00e1rios segmentos. \u201cMuitos se baseiam em pessoas que j\u00e1 t\u00eam uma empresa aberta, mas precisam de direcionamento para investimentos ou melhor administra\u00e7\u00e3o\u201d, disse.<\/p>\n<p>\u00c9 o caso da microempres\u00e1ria do ramo de eventos Meire Coareli, 35, que foi em busca de informa\u00e7\u00f5es no Sebrae M\u00f3vel. Ela diz que sua maior dificuldade est\u00e1 em gerir as finan\u00e7as de seu neg\u00f3cio e em 20 minutos de conversa com os consultores saiu com um breve planejamento. \u201cS\u00e3o coisas simples, mas que no dia-a-dia passam\u201d, disse<\/p>\n<p>Al\u00e9m de informa\u00e7\u00f5es para empres\u00e1rios j\u00e1 constitu\u00eddos, o Sebrae M\u00f3vel tamb\u00e9m d\u00e1 orienta\u00e7\u00f5es de como montar um plano de neg\u00f3cios e como formalizar sua empresa individual com o plano Empreendedor Individual.<\/p>\n<p>A partir de quinta-feira (6), a unidade Sebrae M\u00f3vel ser\u00e1 instalada no supermercado Kawakami Norte, com hor\u00e1rio de funcionamento das 10 \u00e0s 16h para atender \u00e0 clientela da regi\u00e3o norte da cidade at\u00e9 a pr\u00f3xima sexta-feira (9).<\/p>\n<p><em>Fonte: Di\u00e1rio de Mar\u00edlia<\/em><\/p>\n","protected":false},"excerpt":{"rendered":"<p>A unidade do Sebrae M\u00f3vel est\u00e1 de volta \u00e0 cidade Mar\u00edlia esta semana para marcar o M\u00eas do Empreendedor. O p\u00fablico da zona sul pode obter atendimento e consultoria at\u00e9 a pr\u00f3xima quarta-feira (5), das 10 \u00e0s 16h, no estacionamento do supermercado Kawakami Sul. Segundo o gerente regional do Sebrae de Mar\u00edlia, F\u00e1bio Gerlack, a [&hellip;]<\/p>\n","protected":false},"author":1,"featured_media":0,"comment_status":"open","ping_status":"open","sticky":false,"template":"","format":"standard","meta":{"footnotes":""},"categories":[8],"tags":[14],"_links":{"self":[{"href":"https:\/\/www.encontramarilia.com.br\/noticias\/wp-json\/wp\/v2\/posts\/491"}],"collection":[{"href":"https:\/\/www.encontramarilia.com.br\/noticias\/wp-json\/wp\/v2\/posts"}],"about":[{"href":"https:\/\/www.encontramarilia.com.br\/noticias\/wp-json\/wp\/v2\/types\/post"}],"author":[{"embeddable":true,"href":"https:\/\/www.encontramarilia.com.br\/noticias\/wp-json\/wp\/v2\/users\/1"}],"replies":[{"embeddable":true,"href":"https:\/\/www.encontramarilia.com.br\/noticias\/wp-json\/wp\/v2\/comments?post=491"}],"version-history":[{"count":0,"href":"https:\/\/www.encontramarilia.com.br\/noticias\/wp-json\/wp\/v2\/posts\/491\/revisions"}],"wp:attachment":[{"href":"https:\/\/www.encontramarilia.com.br\/noticias\/wp-json\/wp\/v2\/media?parent=491"}],"wp:term":[{"taxonomy":"category","embeddable":true,"href":"https:\/\/www.encontramarilia.com.br\/noticias\/wp-json\/wp\/v2\/categories?post=491"},{"taxonomy":"post_tag","embeddable":true,"href":"https:\/\/www.encontramarilia.com.br\/noticias\/wp-json\/wp\/v2\/tags?post=491"}],"curies":[{"name":"wp","href":"https:\/\/api.w.org\/{rel}","templated":true}]}}