{"id":279,"date":"2011-06-07T18:04:54","date_gmt":"2011-06-07T21:04:54","guid":{"rendered":"http:\/\/www.encontramarilia.com.br\/noticias\/?p=279"},"modified":"2013-08-13T18:26:21","modified_gmt":"2013-08-13T21:26:21","slug":"campanha-de-vacinacao-segue-ate-a-proxima-quinta-feira-em-marilia","status":"publish","type":"post","link":"https:\/\/www.encontramarilia.com.br\/noticias\/campanha-de-vacinacao-segue-ate-a-proxima-quinta-feira-em-marilia\/","title":{"rendered":"Campanha de Vacina\u00e7\u00e3o segue at\u00e9 a pr\u00f3xima quinta-feira em Mar\u00edlia"},"content":{"rendered":"<p>A SMS (Secretaria Municipal da Sa\u00fade) prorrogou at\u00e9 a pr\u00f3xima quinta-feira (9) a Campanha Nacional de Vacina\u00e7\u00e3o Contra a Influenza 2011. Desde o in\u00edcio da Campanha, iniciada em 25 de abril, at\u00e9 a manh\u00e3 desta quinta-feira (2), foram alcan\u00e7ados 73,36% da cobertura vacinal na cidade de Mar\u00edlia.<\/p>\n<p>Prioritariamente, os grupos contemplados pela Campanha s\u00e3o de pessoas com 60 anos ou mais, gr\u00e1vidas em qualquer per\u00edodo de gesta\u00e7\u00e3o, e crian\u00e7as com idade entre 6 meses e menores de 02 anos. A vacina\u00e7\u00e3o foi aberta tamb\u00e9m para os doentes cr\u00f4nicos e trabalhadores da \u00e1rea da sa\u00fade que mant\u00e9m contato direto com pacientes com gripe. Estas cinco faixas da popula\u00e7\u00e3o s\u00e3o as mais suscet\u00edveis \u00e0 doen\u00e7a.<\/p>\n<p>A prorroga\u00e7\u00e3o foi necess\u00e1ria para ampliar a ades\u00e3o dos p\u00fablicos contemplados. A OMS (Organiza\u00e7\u00e3o Mundial da Sa\u00fade) e o Minist\u00e9rio da Sa\u00fade preconizam que pelo menos 80% da popula\u00e7\u00e3o estimada sejam imunizadas. A popula\u00e7\u00e3o alvo deve procurar qualquer uma das 43 unidades de Sa\u00fade do munic\u00edpio.<\/p>\n<p>Foram imunizados durante o per\u00edodo do levantamento 22.142 idosos com 60 anos ou mais (77,35% da popula\u00e7\u00e3o estimada), 1.243 gestantes (44,5%), e 3.203 crian\u00e7as de 6 meses a 2 anos incompletos tomaram a primeira dose (67,4%), e 627 tomaram as duas doses. Foram imunizados ainda 2.996 doentes cr\u00f4nicos e 4.500 trabalhadores da Sa\u00fade.<\/p>\n<p>\u201cA popula\u00e7\u00e3o tem que aproveitar esta oportunidade para se imunizar. Nesta \u00e9poca do ano observa-se o aumento do n\u00famero de casos de gripes e resfriados,devido a redu\u00e7\u00e3o da temperatura e o tempo mais seco, que s\u00e3o prop\u00edcios para o aparecimento de doen\u00e7as respirat\u00f3rias\u201d, afirma a enfermeira e coordenadora da Vigil\u00e2ncia Epidemiol\u00f3gica da SMS, Rachel Santana Ramirez.<\/p>\n<p>A vacina\u00e7\u00e3o em massa \u00e9 uma estrat\u00e9gia eficiente para a preven\u00e7\u00e3o de formas graves da doen\u00e7a, que tem impacto no n\u00famero de interna\u00e7\u00f5es hospitalares e a mortalidade em decorr\u00eancia de complica\u00e7\u00f5es da gripe. A vacina \u00e9 segura, pois \u00e9 feita com fragmentos de v\u00edrus mortos. S\u00f3 precisam ficar atentas as pessoas que t\u00eam hist\u00f3ria de alergia a ovo de galinha.<\/p>\n<p>Rachel alerta as m\u00e3es que levaram seus filhos para tomarem a primeira dose da vacina para que n\u00e3o esque\u00e7am de lev\u00e1-los para tomarem a segunda dose. \u201cAs m\u00e3es t\u00eam de ficar atentas ao agendamento feito na unidade de Sa\u00fade, para que a imuniza\u00e7\u00e3o seja efetivada\u201d, comenta. A nova aplica\u00e7\u00e3o tem de ser realizada ap\u00f3s 30 dias e \u00e9 necess\u00e1ria, pois o sistema imunol\u00f3gico da crian\u00e7a ainda est\u00e1 em forma\u00e7\u00e3o.<\/p>\n<p>C\u00c2NCER BUCAL<\/p>\n<p>Paralelamente \u00e0 vacina\u00e7\u00e3o contra a gripe segue a Campanha Municipal de Diagn\u00f3stico Precoce e Preven\u00e7\u00e3o do C\u00e2ncer Bucal para as pessoas com 60 anos ou mais segue nas unidades de Sa\u00fade. At\u00e9 esta quinta-feira, 18.107 idosos tinham feito o exame.<\/p>\n<p>Segundo a coordenadora do Programa Municipal de Sa\u00fade Bucal, Olivia Cristina Caseto Furian Diniz, \u00e9 importante as pessoas fazerem o exame. \u201cNossos profissionais de odontologia est\u00e3o preparados para identificar precocemente as les\u00f5es que precisam de investiga\u00e7\u00e3o e estimular o autoexame bucal.\u201d<\/p>\n<p>Ol\u00edvia explica que o c\u00e2ncer bucal tem como causas diversos fatores, dentre eles o tabagismo e o alcoolismo, sendo o diagn\u00f3stico precoce fator primordial no sucesso do tratamento, \u201cPor isso \u00e9 importante a participa\u00e7\u00e3o de toda a popula\u00e7\u00e3o inclu\u00edda na Campanha aderir e agendar o exame na Unidade de Sa\u00fade\u201d.<\/p>\n<p>As pessoas que queiram fazer o exame devem fazer o agendamento com o dentista da unidade de Sa\u00fade.<\/p>\n<p><em>Fonte: Prefeitura de Mar\u00edlia<\/em><\/p>\n","protected":false},"excerpt":{"rendered":"<p>A SMS (Secretaria Municipal da Sa\u00fade) prorrogou at\u00e9 a pr\u00f3xima quinta-feira (9) a Campanha Nacional de Vacina\u00e7\u00e3o Contra a Influenza 2011. Desde o in\u00edcio da Campanha, iniciada em 25 de abril, at\u00e9 a manh\u00e3 desta quinta-feira (2), foram alcan\u00e7ados 73,36% da cobertura vacinal na cidade de Mar\u00edlia. Prioritariamente, os grupos contemplados pela Campanha s\u00e3o de [&hellip;]<\/p>\n","protected":false},"author":1,"featured_media":0,"comment_status":"open","ping_status":"open","sticky":false,"template":"","format":"standard","meta":{"footnotes":""},"categories":[6],"tags":[14],"_links":{"self":[{"href":"https:\/\/www.encontramarilia.com.br\/noticias\/wp-json\/wp\/v2\/posts\/279"}],"collection":[{"href":"https:\/\/www.encontramarilia.com.br\/noticias\/wp-json\/wp\/v2\/posts"}],"about":[{"href":"https:\/\/www.encontramarilia.com.br\/noticias\/wp-json\/wp\/v2\/types\/post"}],"author":[{"embeddable":true,"href":"https:\/\/www.encontramarilia.com.br\/noticias\/wp-json\/wp\/v2\/users\/1"}],"replies":[{"embeddable":true,"href":"https:\/\/www.encontramarilia.com.br\/noticias\/wp-json\/wp\/v2\/comments?post=279"}],"version-history":[{"count":0,"href":"https:\/\/www.encontramarilia.com.br\/noticias\/wp-json\/wp\/v2\/posts\/279\/revisions"}],"wp:attachment":[{"href":"https:\/\/www.encontramarilia.com.br\/noticias\/wp-json\/wp\/v2\/media?parent=279"}],"wp:term":[{"taxonomy":"category","embeddable":true,"href":"https:\/\/www.encontramarilia.com.br\/noticias\/wp-json\/wp\/v2\/categories?post=279"},{"taxonomy":"post_tag","embeddable":true,"href":"https:\/\/www.encontramarilia.com.br\/noticias\/wp-json\/wp\/v2\/tags?post=279"}],"curies":[{"name":"wp","href":"https:\/\/api.w.org\/{rel}","templated":true}]}}