{"id":2622,"date":"2014-01-07T08:44:31","date_gmt":"2014-01-07T11:44:31","guid":{"rendered":"http:\/\/www.encontramarilia.com.br\/noticias\/?p=2622"},"modified":"2014-01-07T08:44:31","modified_gmt":"2014-01-07T11:44:31","slug":"inscricoes-abertas-para-o-projeto-super-ferias-do-sesi-marilia","status":"publish","type":"post","link":"https:\/\/www.encontramarilia.com.br\/noticias\/inscricoes-abertas-para-o-projeto-super-ferias-do-sesi-marilia\/","title":{"rendered":"Inscri\u00e7\u00f5es abertas para o projeto Super F\u00e9rias do Sesi Mar\u00edlia"},"content":{"rendered":"<p>A unidade do Sesi Mar\u00edlia est\u00e1 com inscri\u00e7\u00f5es abertas para o programa \u201cSuper F\u00e9rias\u201d. As atividades, que contam com a\u00e7\u00f5es esportivas e de lazer, devem come\u00e7ar na segunda semana de janeiro.<\/p>\n<p>Neste ano, o projeto conta com o tema \u201cCopa do Mundo e suas na\u00e7\u00f5es\u201d e ser\u00e1 realizado nos Centros de Atividades (Cat) da institui\u00e7\u00e3o. Voltado para crian\u00e7as e adolescentes entre 6 e 17 anos, o programa, em algumas unidades, ir\u00e1 oferecer a op\u00e7\u00e3o por m\u00f3dulos di\u00e1rios, das 13h \u00e0s 17h, pacotes semanais e atividades durante o dia todo chamadas de day camp.<\/p>\n<p>A programa\u00e7\u00e3o do \u201cSuper F\u00e9rias\u201d \u00e9 elaborada por profissionais especializados que desenvolvem atividades em grupos como jogos cooperativos, jogos esportivos, oficinas art\u00edsticas e culturais, cinema e teatro.<\/p>\n<p>O objetivo da programa\u00e7\u00e3o \u00e9 promover a socializa\u00e7\u00e3o e incentivar a atividade f\u00edsica entre os participantes. A taxa de inscri\u00e7\u00e3o ir\u00e1 variar de acordo com o n\u00famero de participantes. Cada unidade tem valores e programa\u00e7\u00e3o diferenciados que contemplam benefici\u00e1rios do Sesi e a comunidade.<\/p>\n<p><strong>Servi\u00e7o:<\/strong><br \/>\nCAT L\u00e1zaro Ramos Novaes<br \/>\nAv. Jo\u00e3o Ramalho, 1306 &#8211;\u00a0 Jardim Conquista<br \/>\nCEP: 17520-240<br \/>\nTel: (14) 3417-4500<\/p>\n","protected":false},"excerpt":{"rendered":"<p>A unidade do Sesi Mar\u00edlia est\u00e1 com inscri\u00e7\u00f5es abertas para o programa \u201cSuper F\u00e9rias\u201d. As atividades, que contam com a\u00e7\u00f5es esportivas e de lazer, devem come\u00e7ar na segunda semana de janeiro. Neste ano, o projeto conta com o tema \u201cCopa do Mundo e suas na\u00e7\u00f5es\u201d e ser\u00e1 realizado nos Centros de Atividades (Cat) da institui\u00e7\u00e3o. [&hellip;]<\/p>\n","protected":false},"author":1,"featured_media":0,"comment_status":"open","ping_status":"open","sticky":false,"template":"","format":"standard","meta":{"footnotes":""},"categories":[6],"tags":[],"_links":{"self":[{"href":"https:\/\/www.encontramarilia.com.br\/noticias\/wp-json\/wp\/v2\/posts\/2622"}],"collection":[{"href":"https:\/\/www.encontramarilia.com.br\/noticias\/wp-json\/wp\/v2\/posts"}],"about":[{"href":"https:\/\/www.encontramarilia.com.br\/noticias\/wp-json\/wp\/v2\/types\/post"}],"author":[{"embeddable":true,"href":"https:\/\/www.encontramarilia.com.br\/noticias\/wp-json\/wp\/v2\/users\/1"}],"replies":[{"embeddable":true,"href":"https:\/\/www.encontramarilia.com.br\/noticias\/wp-json\/wp\/v2\/comments?post=2622"}],"version-history":[{"count":0,"href":"https:\/\/www.encontramarilia.com.br\/noticias\/wp-json\/wp\/v2\/posts\/2622\/revisions"}],"wp:attachment":[{"href":"https:\/\/www.encontramarilia.com.br\/noticias\/wp-json\/wp\/v2\/media?parent=2622"}],"wp:term":[{"taxonomy":"category","embeddable":true,"href":"https:\/\/www.encontramarilia.com.br\/noticias\/wp-json\/wp\/v2\/categories?post=2622"},{"taxonomy":"post_tag","embeddable":true,"href":"https:\/\/www.encontramarilia.com.br\/noticias\/wp-json\/wp\/v2\/tags?post=2622"}],"curies":[{"name":"wp","href":"https:\/\/api.w.org\/{rel}","templated":true}]}}