{"id":196,"date":"2011-04-07T14:44:07","date_gmt":"2011-04-07T17:44:07","guid":{"rendered":"http:\/\/www.encontramarilia.com.br\/noticias\/?p=196"},"modified":"2011-04-07T14:44:07","modified_gmt":"2011-04-07T17:44:07","slug":"unidade-movel-de-atendimento-ao-profissional-esta-em-marilia","status":"publish","type":"post","link":"https:\/\/www.encontramarilia.com.br\/noticias\/unidade-movel-de-atendimento-ao-profissional-esta-em-marilia\/","title":{"rendered":"Unidade M\u00f3vel de Atendimento ao profissional est\u00e1 em Mar\u00edlia"},"content":{"rendered":"<p>Em parceria com a Prefeitura de Mar\u00edlia, que cedeu o espa\u00e7o (avenida Rio Branco, ao lado do Teatro Municipal), o Conselho Regional de Educa\u00e7\u00e3o F\u00edsica (CREF4\/SP) est\u00e1 realizando at\u00e9 esta quinta-feira (7) atendimento aos profissionais de Educa\u00e7\u00e3o F\u00edsica de Mar\u00edlia e regi\u00e3o, numa unidade m\u00f3vel.<\/p>\n<p>\u201c\u00c9 um trabalho importante porque evita que os profissionais tenham que se deslocar at\u00e9 a sede do Conselho, em S\u00e3o Paulo, al\u00e9m do eventual registro ou segunda via ser expedido na hora\u201d, lembrou o secret\u00e1rio de Esportes, Deybson Rog\u00e9rio Biondo.<\/p>\n<p>Os servi\u00e7os prestados s\u00e3o de emiss\u00e3o, renova\u00e7\u00e3o e segunda via de C\u00e9dula Profissional, solicita\u00e7\u00e3o de afastamento e desligamento, informa\u00e7\u00f5es sobre fiscaliza\u00e7\u00e3o, regulariza\u00e7\u00e3o de anuidades, registro de Pessoa Jur\u00eddica, entre outros servi\u00e7os. O hor\u00e1rio de atendimento \u00e9 das 8h30 \u00e0s 12 horas e das 13 horas \u00e0s 16h30. Na regi\u00e3o de Mar\u00edlia existem cerca de 620 profissionais.<\/p>\n<p>O CREF (Conselho Regional de Educa\u00e7\u00e3o F\u00edsica) \u00e9 uma organiza\u00e7\u00e3o de origem federal que faz parte dos servi\u00e7os p\u00fablicos e tem como fun\u00e7\u00e3o orientar, fiscalizar e disciplinar os profissionais das diversas \u00e1reas da Educa\u00e7\u00e3o F\u00edsica, para que a popula\u00e7\u00e3o possa ser atendida com qualidade e comprometimento desses professores.<\/p>\n<p>A regulamenta\u00e7\u00e3o desses profissionais \u00e9 importante para que n\u00e3o ocorra um desvio nas normas constitucionais do Conselho, lembrando que esta filia\u00e7\u00e3o \u00e9 obrigat\u00f3ria para que o professor possa exercer seu cargo em uma \u00e1rea de licenciatura ou qualquer outra \u00e1rea de gradua\u00e7\u00e3o.<\/p>\n<p>A SEL (Secretaria Municipal de Esportes e Lazer) convida todos os atuantes na \u00e1rea da Educa\u00e7\u00e3o F\u00edsica para que procurem a unidade m\u00f3vel e regularizem suas carteirinhas para que a popula\u00e7\u00e3o possa ter um n\u00edvel de atendimento qualificado. Mais informa\u00e7\u00f5es pelo telefone (11) 3292-1700.<\/p>\n<p><em>Fonte: Prefeitura de Mar\u00edlia<\/em><\/p>\n","protected":false},"excerpt":{"rendered":"<p>Em parceria com a Prefeitura de Mar\u00edlia, que cedeu o espa\u00e7o (avenida Rio Branco, ao lado do Teatro Municipal), o Conselho Regional de Educa\u00e7\u00e3o F\u00edsica (CREF4\/SP) est\u00e1 realizando at\u00e9 esta quinta-feira (7) atendimento aos profissionais de Educa\u00e7\u00e3o F\u00edsica de Mar\u00edlia e regi\u00e3o, numa unidade m\u00f3vel. \u201c\u00c9 um trabalho importante porque evita que os profissionais tenham [&hellip;]<\/p>\n","protected":false},"author":1,"featured_media":0,"comment_status":"open","ping_status":"open","sticky":false,"template":"","format":"standard","meta":{"footnotes":""},"categories":[8],"tags":[14],"_links":{"self":[{"href":"https:\/\/www.encontramarilia.com.br\/noticias\/wp-json\/wp\/v2\/posts\/196"}],"collection":[{"href":"https:\/\/www.encontramarilia.com.br\/noticias\/wp-json\/wp\/v2\/posts"}],"about":[{"href":"https:\/\/www.encontramarilia.com.br\/noticias\/wp-json\/wp\/v2\/types\/post"}],"author":[{"embeddable":true,"href":"https:\/\/www.encontramarilia.com.br\/noticias\/wp-json\/wp\/v2\/users\/1"}],"replies":[{"embeddable":true,"href":"https:\/\/www.encontramarilia.com.br\/noticias\/wp-json\/wp\/v2\/comments?post=196"}],"version-history":[{"count":0,"href":"https:\/\/www.encontramarilia.com.br\/noticias\/wp-json\/wp\/v2\/posts\/196\/revisions"}],"wp:attachment":[{"href":"https:\/\/www.encontramarilia.com.br\/noticias\/wp-json\/wp\/v2\/media?parent=196"}],"wp:term":[{"taxonomy":"category","embeddable":true,"href":"https:\/\/www.encontramarilia.com.br\/noticias\/wp-json\/wp\/v2\/categories?post=196"},{"taxonomy":"post_tag","embeddable":true,"href":"https:\/\/www.encontramarilia.com.br\/noticias\/wp-json\/wp\/v2\/tags?post=196"}],"curies":[{"name":"wp","href":"https:\/\/api.w.org\/{rel}","templated":true}]}}