{"id":1556,"date":"2013-03-12T00:57:42","date_gmt":"2013-03-12T03:57:42","guid":{"rendered":"http:\/\/www.encontramarilia.com.br\/noticias\/?p=1556"},"modified":"2013-08-13T18:28:20","modified_gmt":"2013-08-13T21:28:20","slug":"moradores-fazem-abaixo-assinado-para-conseguir-asfalto-em-marilia","status":"publish","type":"post","link":"https:\/\/www.encontramarilia.com.br\/noticias\/moradores-fazem-abaixo-assinado-para-conseguir-asfalto-em-marilia\/","title":{"rendered":"Moradores fazem abaixo-assinado para conseguir asfalto em Mar\u00edlia"},"content":{"rendered":"<p>Cansados dos diversos problemas provocados pela falta de asfalto nas ruas, moradores de um bairro da zona sul de Mar\u00edlia\u00a0(SP) resolveram fazer um abaixo-assinado. O documento j\u00e1 conta com mais de mil assinaturas para pedir ajuda na Justi\u00e7a.<\/p>\n<p>Conforme o presidente da Associa\u00e7\u00e3o de Moradores da cidade de Mar\u00edlia no bairro Nova Mar\u00edlia, Amauri Gonzaga, o protocolo j\u00e1 foi feito. \u201cEntramos com a a\u00e7\u00e3o atrav\u00e9s do Minist\u00e9rio P\u00fablico Federal e do Minist\u00e9rio P\u00fablico Estadual. Se isso n\u00e3o resolver, estaremos mesmo em uma situa\u00e7\u00e3o dif\u00edcil\u201d, afirma.<\/p>\n<p>A &#8220;situa\u00e7\u00e3o dif\u00edcil&#8221; segundo Amauri, \u00e9 sentida por moradores, como Ros\u00e2ngela Ramos de Oliveira. De acordo a empregada dom\u00e9stica, a prefeitura de Mar\u00edlia colocou terra em uma das ruas para tapar o estrago feito pela chuva, mas n\u00e3o foi o suficiente. \u201c\u00c9 terr\u00edvel porque a gente n\u00e3o consegue limpar. A rua eles arrumam, mas se cal\u00e7ada estragar sobra para a gente arrumar\u201d, desabafou.<\/p>\n<p>De acordo com outro morador da rua, os transtornos s\u00e3o tantos que at\u00e9 as ambul\u00e2ncias n\u00e3o conseguem chegar quando s\u00e3o solicitadas. \u201cEsses dias, um menino ficou doente e ao chegar, a ambul\u00e2ncia parou em um buraco. Ali\u00e1s, qualquer carro que passa em \u00e9poca de chuvas fica parado\u201d, contou o aposentado Jos\u00e9 Donizete.<\/p>\n<p>Em rela\u00e7\u00e3o aos buracos do bairro Nova Mar\u00edlia, a Companhia de Desenvolvimento Econ\u00f4mico de Mar\u00edlia (Codemar), informou que o asfalto do bairro est\u00e1 no cronograma para resolver o problema, mas a data n\u00e3o est\u00e1 definida, j\u00e1 que as equipes trabalham no momento em outras \u00e1reas da zona sul da cidade, como Vila Real e Jardim Maraj\u00f3.<\/p>\n<p><em>Fonte: G1<\/em><\/p>\n","protected":false},"excerpt":{"rendered":"<p>Cansados dos diversos problemas provocados pela falta de asfalto nas ruas, moradores de um bairro da zona sul de Mar\u00edlia\u00a0(SP) resolveram fazer um abaixo-assinado. O documento j\u00e1 conta com mais de mil assinaturas para pedir ajuda na Justi\u00e7a. Conforme o presidente da Associa\u00e7\u00e3o de Moradores da cidade de Mar\u00edlia no bairro Nova Mar\u00edlia, Amauri Gonzaga, [&hellip;]<\/p>\n","protected":false},"author":1,"featured_media":0,"comment_status":"open","ping_status":"open","sticky":false,"template":"","format":"standard","meta":{"footnotes":""},"categories":[8],"tags":[14],"_links":{"self":[{"href":"https:\/\/www.encontramarilia.com.br\/noticias\/wp-json\/wp\/v2\/posts\/1556"}],"collection":[{"href":"https:\/\/www.encontramarilia.com.br\/noticias\/wp-json\/wp\/v2\/posts"}],"about":[{"href":"https:\/\/www.encontramarilia.com.br\/noticias\/wp-json\/wp\/v2\/types\/post"}],"author":[{"embeddable":true,"href":"https:\/\/www.encontramarilia.com.br\/noticias\/wp-json\/wp\/v2\/users\/1"}],"replies":[{"embeddable":true,"href":"https:\/\/www.encontramarilia.com.br\/noticias\/wp-json\/wp\/v2\/comments?post=1556"}],"version-history":[{"count":0,"href":"https:\/\/www.encontramarilia.com.br\/noticias\/wp-json\/wp\/v2\/posts\/1556\/revisions"}],"wp:attachment":[{"href":"https:\/\/www.encontramarilia.com.br\/noticias\/wp-json\/wp\/v2\/media?parent=1556"}],"wp:term":[{"taxonomy":"category","embeddable":true,"href":"https:\/\/www.encontramarilia.com.br\/noticias\/wp-json\/wp\/v2\/categories?post=1556"},{"taxonomy":"post_tag","embeddable":true,"href":"https:\/\/www.encontramarilia.com.br\/noticias\/wp-json\/wp\/v2\/tags?post=1556"}],"curies":[{"name":"wp","href":"https:\/\/api.w.org\/{rel}","templated":true}]}}